{"id":2673,"date":"2020-09-16T22:23:59","date_gmt":"2020-09-16T20:23:59","guid":{"rendered":"http:\/\/demainlargentiere.fr\/?p=2673"},"modified":"2022-11-04T12:24:04","modified_gmt":"2022-11-04T11:24:04","slug":"soutien-et-vote-des-membres-de-demain-largentiere-en-faveur-de-la-1ere-pelouse-sportive-zero-phyto-a-largentiere","status":"publish","type":"post","link":"https:\/\/demainlargentiere.fr\/index.php\/2020\/09\/16\/soutien-et-vote-des-membres-de-demain-largentiere-en-faveur-de-la-1ere-pelouse-sportive-zero-phyto-a-largentiere\/","title":{"rendered":"Soutien et vote des membres de Demain Largenti\u00e8re en faveur de la 1\u00e8re pelouse sportive z\u00e9ro-phyto \u00e0 Largenti\u00e8re !"},"content":{"rendered":"\n<p>Le projet de cr\u00e9ation d&rsquo;une pelouse sportive z\u00e9ro-phyto, c\u2019est-\u00e0-dire sans produit chimique, au stade de la Prade \u00e0 Largenti\u00e8re est un projet pilote et innovant, port\u00e9 par Ollivier Dours <strong>une premi\u00e8re en Rh\u00f4ne-Alpes et en France\u00a0! <\/strong><\/p>\n\n\n\n<p>Un<strong> <\/strong>projet qui<strong> <\/strong>touche <strong>la jeunesse de notre territoire<\/strong>, la <strong>sant\u00e9 publique <\/strong>et<strong> la transition \u00e9cologique<\/strong> <\/p>\n\n\n\n<p>Pour r\u00e9aliser ce projet, votre association de football Union Sportive en Val de Ligne &#8211; <strong>USVL<\/strong> a d\u00e9pos\u00e9 une demande d\u2019aide aupr\u00e8s du D\u00e9partement via le \u00ab\u00a0<strong>budget participatif de la jeunesse<\/strong>\u00a0\u00bb soutenu par Demain Largenti\u00e8re.<\/p>\n\n\n\n<p>Une phase de pr\u00e9-s\u00e9lection est n\u00e9cessaire et pour cela vous pouvez <strong>voter&nbsp; jusqu&rsquo;au 23 septembre, <\/strong>puis une deuxi\u00e8me phase de vote sera ouverte jusqu&rsquo;au 5 novembre pour aider le projet \u00e0 \u00eatre retenu. Et si vous avez entre 11 et 30 ans, vous pouvez rapporter plus de points&nbsp;!<\/p>\n\n\n\n<figure class=\"wp-block-gallery columns-2 is-cropped wp-block-gallery-1 is-layout-flex wp-block-gallery-is-layout-flex\"><ul class=\"blocks-gallery-grid\"><li class=\"blocks-gallery-item\"><figure><img loading=\"lazy\" decoding=\"async\" width=\"725\" height=\"1024\" src=\"http:\/\/demainlargentiere.fr\/wp-content\/uploads\/2020\/09\/AFFICHE-1ere-pelouse-sportive-z\u00e9ro-phyto_Page_1-725x1024.jpg\" alt=\"\" data-id=\"2671\" data-full-url=\"http:\/\/demainlargentiere.fr\/wp-content\/uploads\/2020\/09\/AFFICHE-1ere-pelouse-sportive-z\u00e9ro-phyto_Page_1.jpg\" data-link=\"http:\/\/demainlargentiere.fr\/affiche-1ere-pelouse-sportive-zero-phyto_page_1\/\" class=\"wp-image-2671\" srcset=\"https:\/\/demainlargentiere.fr\/wp-content\/uploads\/2020\/09\/AFFICHE-1ere-pelouse-sportive-z\u00e9ro-phyto_Page_1-725x1024.jpg 725w, https:\/\/demainlargentiere.fr\/wp-content\/uploads\/2020\/09\/AFFICHE-1ere-pelouse-sportive-z\u00e9ro-phyto_Page_1-212x300.jpg 212w, https:\/\/demainlargentiere.fr\/wp-content\/uploads\/2020\/09\/AFFICHE-1ere-pelouse-sportive-z\u00e9ro-phyto_Page_1-768x1085.jpg 768w, https:\/\/demainlargentiere.fr\/wp-content\/uploads\/2020\/09\/AFFICHE-1ere-pelouse-sportive-z\u00e9ro-phyto_Page_1.jpg 1058w\" sizes=\"auto, (max-width: 725px) 100vw, 725px\" \/><\/figure><\/li><li class=\"blocks-gallery-item\"><figure><img loading=\"lazy\" decoding=\"async\" width=\"725\" height=\"1024\" src=\"http:\/\/demainlargentiere.fr\/wp-content\/uploads\/2020\/09\/AFFICHE-1ere-pelouse-sportive-z\u00e9ro-phyto_Page_2-725x1024.jpg\" alt=\"\" data-id=\"2672\" data-full-url=\"http:\/\/demainlargentiere.fr\/wp-content\/uploads\/2020\/09\/AFFICHE-1ere-pelouse-sportive-z\u00e9ro-phyto_Page_2.jpg\" data-link=\"http:\/\/demainlargentiere.fr\/affiche-1ere-pelouse-sportive-zero-phyto_page_2\/\" class=\"wp-image-2672\" srcset=\"https:\/\/demainlargentiere.fr\/wp-content\/uploads\/2020\/09\/AFFICHE-1ere-pelouse-sportive-z\u00e9ro-phyto_Page_2-725x1024.jpg 725w, https:\/\/demainlargentiere.fr\/wp-content\/uploads\/2020\/09\/AFFICHE-1ere-pelouse-sportive-z\u00e9ro-phyto_Page_2-212x300.jpg 212w, https:\/\/demainlargentiere.fr\/wp-content\/uploads\/2020\/09\/AFFICHE-1ere-pelouse-sportive-z\u00e9ro-phyto_Page_2-768x1085.jpg 768w, https:\/\/demainlargentiere.fr\/wp-content\/uploads\/2020\/09\/AFFICHE-1ere-pelouse-sportive-z\u00e9ro-phyto_Page_2.jpg 885w\" sizes=\"auto, (max-width: 725px) 100vw, 725px\" \/><\/figure><\/li><\/ul><\/figure>\n\n\n\n<p><strong>Etape 1 : s&rsquo;inscrire<\/strong><\/p>\n\n\n\n<p>Pour y acc\u00e9der : <a href=\"https:\/\/jeparticipe.ardeche.fr\/\" target=\"_blank\" rel=\"noreferrer noopener\">https:\/\/jeparticipe.ardeche.fr\/<\/a> Pour voter vous devez :<\/p>\n\n\n\n<ol class=\"wp-block-list\"><li>Cliquer sur <a href=\"https:\/\/jeparticipe.ardeche.fr\/register\" target=\"_blank\" rel=\"noreferrer noopener\">\u00ab\u00a0mon espace\u00a0\u00bb et cr\u00e9er un compte\u00a0\u00bb<\/a> avec votre adresse mail<\/li><li>Confirmez votre inscription sur le message envoy\u00e9 dans votre boite mail<\/li><\/ol>\n\n\n\n<p><strong>Etape 2 : Vous disposerez alors de 20 points pour voter<\/strong><\/p>\n\n\n\n<ol class=\"wp-block-list\" type=\"1\"><li>Pour <a href=\"https:\/\/jeparticipe.ardeche.fr\/dialog\/budget-participatif\">d\u00e9couvrir tous les projets <\/a>&nbsp;: allez \u00e0 \u00ab budget participatif \u00bb puis \u00ab d\u00e9couvrir les projets \u00bb<\/li><li>Pour <a href=\"https:\/\/jeparticipe.ardeche.fr\/dialog\/budget-participatif?filterby_topic=0&amp;filterby_sector=409\">d\u00e9couvrir les projets du Val De Ligne<\/a>&nbsp;: allez&nbsp; \u00e0 : \u00ab tous les secteurs \u00bb et choisissez &nbsp;\u00ab Val de Ligne \u00bb,<\/li><li>Pour voter pour <a href=\"https:\/\/jeparticipe.ardeche.fr\/dialog\/budget-participatif\/proposal\/une-pelouse-sportive-zero-phyto-a-largentiere\">le projet d&rsquo;une Pelouse Sportive z\u00e9ro-phyto<\/a>&nbsp;: cliquez sur la page du projet \u00ab Une Pelouse sportive z\u00e9ro-phyto \u00e0 Largenti\u00e8re \u00bb, ouvrez-le avec \u00ab voir le projet \u00bb et attribuez-lui le nombre de point que vous souhaitez ! Vous pouvez m\u00eame laisser un commentaire&nbsp;!<\/li><\/ol>\n\n\n\n<p><a href=\"http:\/\/demainlargentiere.fr\/index.php\/projet-de-pelouse-sportive-au-stade-de-la-prade-porte-par-un-habitant\/\">En savoir plus&#8230;<\/a><\/p>\n","protected":false},"excerpt":{"rendered":"<p>Le projet de cr\u00e9ation d&rsquo;une pelouse sportive z\u00e9ro-phyto, c\u2019est-\u00e0-dire sans produit chimique, au stade de la Prade \u00e0 Largenti\u00e8re est un projet pilote et innovant, port\u00e9 par Ollivier Dours une premi\u00e8re en Rh\u00f4ne-Alpes et en France\u00a0! Un projet qui touche la jeunesse de notre territoire, la sant\u00e9 publique et la transition \u00e9cologique Pour r\u00e9aliser ce &hellip; <\/p>\n<p class=\"link-more\"><a href=\"https:\/\/demainlargentiere.fr\/index.php\/2020\/09\/16\/soutien-et-vote-des-membres-de-demain-largentiere-en-faveur-de-la-1ere-pelouse-sportive-zero-phyto-a-largentiere\/\" class=\"more-link\">Continuer la lecture <span class=\"screen-reader-text\"> \u00ab\u00a0Soutien et vote des membres de Demain Largenti\u00e8re en faveur de la 1\u00e8re pelouse sportive z\u00e9ro-phyto \u00e0 Largenti\u00e8re !\u00a0\u00bb<\/span><\/a><\/p>\n","protected":false},"author":2,"featured_media":0,"comment_status":"closed","ping_status":"closed","sticky":false,"template":"","format":"standard","meta":{"ngg_post_thumbnail":0,"footnotes":""},"categories":[10,11,5],"tags":[],"class_list":["post-2673","post","type-post","status-publish","format-standard","hentry","category-actualites","category-actualites-2020","category-rencontres","entry"],"yoast_head":"<!-- This site is optimized with the Yoast SEO plugin v27.4 - https:\/\/yoast.com\/product\/yoast-seo-wordpress\/ -->\n<title>Soutien et vote des membres de Demain Largenti\u00e8re en faveur de la 1\u00e8re pelouse sportive z\u00e9ro-phyto \u00e0 Largenti\u00e8re ! - Demain LARGENTIERE !<\/title>\n<meta name=\"description\" content=\"Liste \u00e9lections municipales Largenti\u00e8re\" \/>\n<meta name=\"robots\" content=\"index, follow, max-snippet:-1, max-image-preview:large, max-video-preview:-1\" \/>\n<link rel=\"canonical\" href=\"https:\/\/demainlargentiere.fr\/index.php\/2020\/09\/16\/soutien-et-vote-des-membres-de-demain-largentiere-en-faveur-de-la-1ere-pelouse-sportive-zero-phyto-a-largentiere\/\" \/>\n<meta property=\"og:locale\" content=\"fr_FR\" \/>\n<meta property=\"og:type\" content=\"article\" \/>\n<meta property=\"og:title\" content=\"Soutien et vote des membres de Demain Largenti\u00e8re en faveur de la 1\u00e8re pelouse sportive z\u00e9ro-phyto \u00e0 Largenti\u00e8re ! - Demain LARGENTIERE !\" \/>\n<meta property=\"og:description\" content=\"Liste \u00e9lections municipales Largenti\u00e8re\" \/>\n<meta property=\"og:url\" content=\"https:\/\/demainlargentiere.fr\/index.php\/2020\/09\/16\/soutien-et-vote-des-membres-de-demain-largentiere-en-faveur-de-la-1ere-pelouse-sportive-zero-phyto-a-largentiere\/\" \/>\n<meta property=\"og:site_name\" content=\"Demain LARGENTIERE !\" \/>\n<meta property=\"article:publisher\" content=\"https:\/\/www.facebook.com\/DemainLargentiere\/\" \/>\n<meta property=\"article:published_time\" content=\"2020-09-16T20:23:59+00:00\" \/>\n<meta property=\"article:modified_time\" content=\"2022-11-04T11:24:04+00:00\" \/>\n<meta name=\"author\" content=\"Mil\u00e8ne Villard\" \/>\n<meta name=\"twitter:card\" content=\"summary_large_image\" \/>\n<meta name=\"twitter:label1\" content=\"\u00c9crit par\" \/>\n\t<meta name=\"twitter:data1\" content=\"Mil\u00e8ne Villard\" \/>\n\t<meta name=\"twitter:label2\" content=\"Dur\u00e9e de lecture estim\u00e9e\" \/>\n\t<meta name=\"twitter:data2\" content=\"1 minute\" \/>\n<script type=\"application\/ld+json\" class=\"yoast-schema-graph\">{\"@context\":\"https:\\\/\\\/schema.org\",\"@graph\":[{\"@type\":\"Article\",\"@id\":\"https:\\\/\\\/demainlargentiere.fr\\\/index.php\\\/2020\\\/09\\\/16\\\/soutien-et-vote-des-membres-de-demain-largentiere-en-faveur-de-la-1ere-pelouse-sportive-zero-phyto-a-largentiere\\\/#article\",\"isPartOf\":{\"@id\":\"https:\\\/\\\/demainlargentiere.fr\\\/index.php\\\/2020\\\/09\\\/16\\\/soutien-et-vote-des-membres-de-demain-largentiere-en-faveur-de-la-1ere-pelouse-sportive-zero-phyto-a-largentiere\\\/\"},\"author\":{\"name\":\"Mil\u00e8ne Villard\",\"@id\":\"http:\\\/\\\/demainlargentiere.fr\\\/#\\\/schema\\\/person\\\/c0643add764aca056c52198b2479bf5a\"},\"headline\":\"Soutien et vote des membres de Demain Largenti\u00e8re en faveur de la 1\u00e8re pelouse sportive z\u00e9ro-phyto \u00e0 Largenti\u00e8re !\",\"datePublished\":\"2020-09-16T20:23:59+00:00\",\"dateModified\":\"2022-11-04T11:24:04+00:00\",\"mainEntityOfPage\":{\"@id\":\"https:\\\/\\\/demainlargentiere.fr\\\/index.php\\\/2020\\\/09\\\/16\\\/soutien-et-vote-des-membres-de-demain-largentiere-en-faveur-de-la-1ere-pelouse-sportive-zero-phyto-a-largentiere\\\/\"},\"wordCount\":299,\"publisher\":{\"@id\":\"http:\\\/\\\/demainlargentiere.fr\\\/#organization\"},\"articleSection\":[\"Actualit\u00e9s\",\"Actualit\u00e9s-2020\",\"Rencontres\"],\"inLanguage\":\"fr-FR\"},{\"@type\":\"WebPage\",\"@id\":\"https:\\\/\\\/demainlargentiere.fr\\\/index.php\\\/2020\\\/09\\\/16\\\/soutien-et-vote-des-membres-de-demain-largentiere-en-faveur-de-la-1ere-pelouse-sportive-zero-phyto-a-largentiere\\\/\",\"url\":\"https:\\\/\\\/demainlargentiere.fr\\\/index.php\\\/2020\\\/09\\\/16\\\/soutien-et-vote-des-membres-de-demain-largentiere-en-faveur-de-la-1ere-pelouse-sportive-zero-phyto-a-largentiere\\\/\",\"name\":\"Soutien et vote des membres de Demain Largenti\u00e8re en faveur de la 1\u00e8re pelouse sportive z\u00e9ro-phyto \u00e0 Largenti\u00e8re ! - Demain LARGENTIERE !\",\"isPartOf\":{\"@id\":\"http:\\\/\\\/demainlargentiere.fr\\\/#website\"},\"datePublished\":\"2020-09-16T20:23:59+00:00\",\"dateModified\":\"2022-11-04T11:24:04+00:00\",\"description\":\"Liste \u00e9lections municipales Largenti\u00e8re\",\"breadcrumb\":{\"@id\":\"https:\\\/\\\/demainlargentiere.fr\\\/index.php\\\/2020\\\/09\\\/16\\\/soutien-et-vote-des-membres-de-demain-largentiere-en-faveur-de-la-1ere-pelouse-sportive-zero-phyto-a-largentiere\\\/#breadcrumb\"},\"inLanguage\":\"fr-FR\",\"potentialAction\":[{\"@type\":\"ReadAction\",\"target\":[\"https:\\\/\\\/demainlargentiere.fr\\\/index.php\\\/2020\\\/09\\\/16\\\/soutien-et-vote-des-membres-de-demain-largentiere-en-faveur-de-la-1ere-pelouse-sportive-zero-phyto-a-largentiere\\\/\"]}]},{\"@type\":\"BreadcrumbList\",\"@id\":\"https:\\\/\\\/demainlargentiere.fr\\\/index.php\\\/2020\\\/09\\\/16\\\/soutien-et-vote-des-membres-de-demain-largentiere-en-faveur-de-la-1ere-pelouse-sportive-zero-phyto-a-largentiere\\\/#breadcrumb\",\"itemListElement\":[{\"@type\":\"ListItem\",\"position\":1,\"name\":\"Accueil\",\"item\":\"https:\\\/\\\/demainlargentiere.fr\\\/\"},{\"@type\":\"ListItem\",\"position\":2,\"name\":\"Soutien et vote des membres de Demain Largenti\u00e8re en faveur de la 1\u00e8re pelouse sportive z\u00e9ro-phyto \u00e0 Largenti\u00e8re !\"}]},{\"@type\":\"WebSite\",\"@id\":\"http:\\\/\\\/demainlargentiere.fr\\\/#website\",\"url\":\"http:\\\/\\\/demainlargentiere.fr\\\/\",\"name\":\"Demain LARGENTIERE !\",\"description\":\"Ensemble, cr\u00e9ons demain.\",\"publisher\":{\"@id\":\"http:\\\/\\\/demainlargentiere.fr\\\/#organization\"},\"potentialAction\":[{\"@type\":\"SearchAction\",\"target\":{\"@type\":\"EntryPoint\",\"urlTemplate\":\"http:\\\/\\\/demainlargentiere.fr\\\/?s={search_term_string}\"},\"query-input\":{\"@type\":\"PropertyValueSpecification\",\"valueRequired\":true,\"valueName\":\"search_term_string\"}}],\"inLanguage\":\"fr-FR\"},{\"@type\":\"Organization\",\"@id\":\"http:\\\/\\\/demainlargentiere.fr\\\/#organization\",\"name\":\"DemainLargentiere\",\"url\":\"http:\\\/\\\/demainlargentiere.fr\\\/\",\"logo\":{\"@type\":\"ImageObject\",\"inLanguage\":\"fr-FR\",\"@id\":\"http:\\\/\\\/demainlargentiere.fr\\\/#\\\/schema\\\/logo\\\/image\\\/\",\"url\":\"http:\\\/\\\/demainlargentiere.fr\\\/wp-content\\\/uploads\\\/2020\\\/02\\\/logo-250x250-1.png\",\"contentUrl\":\"http:\\\/\\\/demainlargentiere.fr\\\/wp-content\\\/uploads\\\/2020\\\/02\\\/logo-250x250-1.png\",\"width\":250,\"height\":250,\"caption\":\"DemainLargentiere\"},\"image\":{\"@id\":\"http:\\\/\\\/demainlargentiere.fr\\\/#\\\/schema\\\/logo\\\/image\\\/\"},\"sameAs\":[\"https:\\\/\\\/www.facebook.com\\\/DemainLargentiere\\\/\"]},{\"@type\":\"Person\",\"@id\":\"http:\\\/\\\/demainlargentiere.fr\\\/#\\\/schema\\\/person\\\/c0643add764aca056c52198b2479bf5a\",\"name\":\"Mil\u00e8ne Villard\",\"image\":{\"@type\":\"ImageObject\",\"inLanguage\":\"fr-FR\",\"@id\":\"https:\\\/\\\/secure.gravatar.com\\\/avatar\\\/f8af4276ba1c6e5e2d140cf3087b1bdd97fab3d8879b3b10f2f0829e7f7b2b12?s=96&d=mm&r=g\",\"url\":\"https:\\\/\\\/secure.gravatar.com\\\/avatar\\\/f8af4276ba1c6e5e2d140cf3087b1bdd97fab3d8879b3b10f2f0829e7f7b2b12?s=96&d=mm&r=g\",\"contentUrl\":\"https:\\\/\\\/secure.gravatar.com\\\/avatar\\\/f8af4276ba1c6e5e2d140cf3087b1bdd97fab3d8879b3b10f2f0829e7f7b2b12?s=96&d=mm&r=g\",\"caption\":\"Mil\u00e8ne Villard\"},\"url\":\"https:\\\/\\\/demainlargentiere.fr\\\/index.php\\\/author\\\/milene\\\/\"}]}<\/script>\n<!-- \/ Yoast SEO plugin. -->","yoast_head_json":{"title":"Soutien et vote des membres de Demain Largenti\u00e8re en faveur de la 1\u00e8re pelouse sportive z\u00e9ro-phyto \u00e0 Largenti\u00e8re ! - Demain LARGENTIERE !","description":"Liste \u00e9lections municipales Largenti\u00e8re","robots":{"index":"index","follow":"follow","max-snippet":"max-snippet:-1","max-image-preview":"max-image-preview:large","max-video-preview":"max-video-preview:-1"},"canonical":"https:\/\/demainlargentiere.fr\/index.php\/2020\/09\/16\/soutien-et-vote-des-membres-de-demain-largentiere-en-faveur-de-la-1ere-pelouse-sportive-zero-phyto-a-largentiere\/","og_locale":"fr_FR","og_type":"article","og_title":"Soutien et vote des membres de Demain Largenti\u00e8re en faveur de la 1\u00e8re pelouse sportive z\u00e9ro-phyto \u00e0 Largenti\u00e8re ! - Demain LARGENTIERE !","og_description":"Liste \u00e9lections municipales Largenti\u00e8re","og_url":"https:\/\/demainlargentiere.fr\/index.php\/2020\/09\/16\/soutien-et-vote-des-membres-de-demain-largentiere-en-faveur-de-la-1ere-pelouse-sportive-zero-phyto-a-largentiere\/","og_site_name":"Demain LARGENTIERE !","article_publisher":"https:\/\/www.facebook.com\/DemainLargentiere\/","article_published_time":"2020-09-16T20:23:59+00:00","article_modified_time":"2022-11-04T11:24:04+00:00","author":"Mil\u00e8ne Villard","twitter_card":"summary_large_image","twitter_misc":{"\u00c9crit par":"Mil\u00e8ne Villard","Dur\u00e9e de lecture estim\u00e9e":"1 minute"},"schema":{"@context":"https:\/\/schema.org","@graph":[{"@type":"Article","@id":"https:\/\/demainlargentiere.fr\/index.php\/2020\/09\/16\/soutien-et-vote-des-membres-de-demain-largentiere-en-faveur-de-la-1ere-pelouse-sportive-zero-phyto-a-largentiere\/#article","isPartOf":{"@id":"https:\/\/demainlargentiere.fr\/index.php\/2020\/09\/16\/soutien-et-vote-des-membres-de-demain-largentiere-en-faveur-de-la-1ere-pelouse-sportive-zero-phyto-a-largentiere\/"},"author":{"name":"Mil\u00e8ne Villard","@id":"http:\/\/demainlargentiere.fr\/#\/schema\/person\/c0643add764aca056c52198b2479bf5a"},"headline":"Soutien et vote des membres de Demain Largenti\u00e8re en faveur de la 1\u00e8re pelouse sportive z\u00e9ro-phyto \u00e0 Largenti\u00e8re !","datePublished":"2020-09-16T20:23:59+00:00","dateModified":"2022-11-04T11:24:04+00:00","mainEntityOfPage":{"@id":"https:\/\/demainlargentiere.fr\/index.php\/2020\/09\/16\/soutien-et-vote-des-membres-de-demain-largentiere-en-faveur-de-la-1ere-pelouse-sportive-zero-phyto-a-largentiere\/"},"wordCount":299,"publisher":{"@id":"http:\/\/demainlargentiere.fr\/#organization"},"articleSection":["Actualit\u00e9s","Actualit\u00e9s-2020","Rencontres"],"inLanguage":"fr-FR"},{"@type":"WebPage","@id":"https:\/\/demainlargentiere.fr\/index.php\/2020\/09\/16\/soutien-et-vote-des-membres-de-demain-largentiere-en-faveur-de-la-1ere-pelouse-sportive-zero-phyto-a-largentiere\/","url":"https:\/\/demainlargentiere.fr\/index.php\/2020\/09\/16\/soutien-et-vote-des-membres-de-demain-largentiere-en-faveur-de-la-1ere-pelouse-sportive-zero-phyto-a-largentiere\/","name":"Soutien et vote des membres de Demain Largenti\u00e8re en faveur de la 1\u00e8re pelouse sportive z\u00e9ro-phyto \u00e0 Largenti\u00e8re ! - Demain LARGENTIERE !","isPartOf":{"@id":"http:\/\/demainlargentiere.fr\/#website"},"datePublished":"2020-09-16T20:23:59+00:00","dateModified":"2022-11-04T11:24:04+00:00","description":"Liste \u00e9lections municipales Largenti\u00e8re","breadcrumb":{"@id":"https:\/\/demainlargentiere.fr\/index.php\/2020\/09\/16\/soutien-et-vote-des-membres-de-demain-largentiere-en-faveur-de-la-1ere-pelouse-sportive-zero-phyto-a-largentiere\/#breadcrumb"},"inLanguage":"fr-FR","potentialAction":[{"@type":"ReadAction","target":["https:\/\/demainlargentiere.fr\/index.php\/2020\/09\/16\/soutien-et-vote-des-membres-de-demain-largentiere-en-faveur-de-la-1ere-pelouse-sportive-zero-phyto-a-largentiere\/"]}]},{"@type":"BreadcrumbList","@id":"https:\/\/demainlargentiere.fr\/index.php\/2020\/09\/16\/soutien-et-vote-des-membres-de-demain-largentiere-en-faveur-de-la-1ere-pelouse-sportive-zero-phyto-a-largentiere\/#breadcrumb","itemListElement":[{"@type":"ListItem","position":1,"name":"Accueil","item":"https:\/\/demainlargentiere.fr\/"},{"@type":"ListItem","position":2,"name":"Soutien et vote des membres de Demain Largenti\u00e8re en faveur de la 1\u00e8re pelouse sportive z\u00e9ro-phyto \u00e0 Largenti\u00e8re !"}]},{"@type":"WebSite","@id":"http:\/\/demainlargentiere.fr\/#website","url":"http:\/\/demainlargentiere.fr\/","name":"Demain LARGENTIERE !","description":"Ensemble, cr\u00e9ons demain.","publisher":{"@id":"http:\/\/demainlargentiere.fr\/#organization"},"potentialAction":[{"@type":"SearchAction","target":{"@type":"EntryPoint","urlTemplate":"http:\/\/demainlargentiere.fr\/?s={search_term_string}"},"query-input":{"@type":"PropertyValueSpecification","valueRequired":true,"valueName":"search_term_string"}}],"inLanguage":"fr-FR"},{"@type":"Organization","@id":"http:\/\/demainlargentiere.fr\/#organization","name":"DemainLargentiere","url":"http:\/\/demainlargentiere.fr\/","logo":{"@type":"ImageObject","inLanguage":"fr-FR","@id":"http:\/\/demainlargentiere.fr\/#\/schema\/logo\/image\/","url":"http:\/\/demainlargentiere.fr\/wp-content\/uploads\/2020\/02\/logo-250x250-1.png","contentUrl":"http:\/\/demainlargentiere.fr\/wp-content\/uploads\/2020\/02\/logo-250x250-1.png","width":250,"height":250,"caption":"DemainLargentiere"},"image":{"@id":"http:\/\/demainlargentiere.fr\/#\/schema\/logo\/image\/"},"sameAs":["https:\/\/www.facebook.com\/DemainLargentiere\/"]},{"@type":"Person","@id":"http:\/\/demainlargentiere.fr\/#\/schema\/person\/c0643add764aca056c52198b2479bf5a","name":"Mil\u00e8ne Villard","image":{"@type":"ImageObject","inLanguage":"fr-FR","@id":"https:\/\/secure.gravatar.com\/avatar\/f8af4276ba1c6e5e2d140cf3087b1bdd97fab3d8879b3b10f2f0829e7f7b2b12?s=96&d=mm&r=g","url":"https:\/\/secure.gravatar.com\/avatar\/f8af4276ba1c6e5e2d140cf3087b1bdd97fab3d8879b3b10f2f0829e7f7b2b12?s=96&d=mm&r=g","contentUrl":"https:\/\/secure.gravatar.com\/avatar\/f8af4276ba1c6e5e2d140cf3087b1bdd97fab3d8879b3b10f2f0829e7f7b2b12?s=96&d=mm&r=g","caption":"Mil\u00e8ne Villard"},"url":"https:\/\/demainlargentiere.fr\/index.php\/author\/milene\/"}]}},"_links":{"self":[{"href":"https:\/\/demainlargentiere.fr\/index.php\/wp-json\/wp\/v2\/posts\/2673","targetHints":{"allow":["GET"]}}],"collection":[{"href":"https:\/\/demainlargentiere.fr\/index.php\/wp-json\/wp\/v2\/posts"}],"about":[{"href":"https:\/\/demainlargentiere.fr\/index.php\/wp-json\/wp\/v2\/types\/post"}],"author":[{"embeddable":true,"href":"https:\/\/demainlargentiere.fr\/index.php\/wp-json\/wp\/v2\/users\/2"}],"replies":[{"embeddable":true,"href":"https:\/\/demainlargentiere.fr\/index.php\/wp-json\/wp\/v2\/comments?post=2673"}],"version-history":[{"count":1,"href":"https:\/\/demainlargentiere.fr\/index.php\/wp-json\/wp\/v2\/posts\/2673\/revisions"}],"predecessor-version":[{"id":2674,"href":"https:\/\/demainlargentiere.fr\/index.php\/wp-json\/wp\/v2\/posts\/2673\/revisions\/2674"}],"wp:attachment":[{"href":"https:\/\/demainlargentiere.fr\/index.php\/wp-json\/wp\/v2\/media?parent=2673"}],"wp:term":[{"taxonomy":"category","embeddable":true,"href":"https:\/\/demainlargentiere.fr\/index.php\/wp-json\/wp\/v2\/categories?post=2673"},{"taxonomy":"post_tag","embeddable":true,"href":"https:\/\/demainlargentiere.fr\/index.php\/wp-json\/wp\/v2\/tags?post=2673"}],"curies":[{"name":"wp","href":"https:\/\/api.w.org\/{rel}","templated":true}]}}