{"id":2675,"date":"2020-09-24T11:54:34","date_gmt":"2020-09-24T09:54:34","guid":{"rendered":"http:\/\/demainlargentiere.fr\/?p=2675"},"modified":"2022-11-04T12:24:30","modified_gmt":"2022-11-04T11:24:30","slug":"le-27-septembre-le-senat-se-renouvelle-pour-moitie","status":"publish","type":"post","link":"https:\/\/demainlargentiere.fr\/index.php\/2020\/09\/24\/le-27-septembre-le-senat-se-renouvelle-pour-moitie\/","title":{"rendered":"Le 27 septembre : le S\u00e9nat se renouvelle pour moiti\u00e9 !"},"content":{"rendered":"\n<h4 class=\"wp-block-heading\">\u00c9lections s\u00e9natoriales : pourquoi s&rsquo;int\u00e9resser \u00e0 ses \u00e9lections ?<\/h4>\n\n\n\n<figure class=\"wp-block-image size-large is-resized\"><img loading=\"lazy\" decoding=\"async\" src=\"http:\/\/demainlargentiere.fr\/wp-content\/uploads\/2020\/09\/Pourquoi-vous-devriez-vous-int\u00e9resser-aux-\u00e9lections-s\u00e9natoriales-m\u00eame-si-tout-le-monde-semble-sen-ficher-Mozilla-Firefox.jpg\" alt=\"\" class=\"wp-image-2682\" width=\"401\" height=\"180\" srcset=\"https:\/\/demainlargentiere.fr\/wp-content\/uploads\/2020\/09\/Pourquoi-vous-devriez-vous-int\u00e9resser-aux-\u00e9lections-s\u00e9natoriales-m\u00eame-si-tout-le-monde-semble-sen-ficher-Mozilla-Firefox.jpg 966w, https:\/\/demainlargentiere.fr\/wp-content\/uploads\/2020\/09\/Pourquoi-vous-devriez-vous-int\u00e9resser-aux-\u00e9lections-s\u00e9natoriales-m\u00eame-si-tout-le-monde-semble-sen-ficher-Mozilla-Firefox-300x135.jpg 300w, https:\/\/demainlargentiere.fr\/wp-content\/uploads\/2020\/09\/Pourquoi-vous-devriez-vous-int\u00e9resser-aux-\u00e9lections-s\u00e9natoriales-m\u00eame-si-tout-le-monde-semble-sen-ficher-Mozilla-Firefox-768x345.jpg 768w\" sizes=\"auto, (max-width: 401px) 100vw, 401px\" \/><\/figure>\n\n\n\n<ul class=\"wp-block-list\"><li><strong>Le S\u00e9nat et l&rsquo;Assembl\u00e9e Nationale composent le Parlement Fran\u00e7ais<\/strong><\/li><\/ul>\n\n\n\n<p>Le S\u00e9nat est renouvel\u00e9 par moiti\u00e9 tous les 3 ans. La s\u00e9rie 1 a eu lieu en septembre 2017 et a permis d&rsquo;\u00e9lire 170 s\u00e9nateurs sur 348. Les \u00e9lections s\u00e9natoriales du <strong>27 septembre 2020 permettront d\u2019\u00e9lire les 178 s\u00e9nateurs de la s\u00e9rie 2 <\/strong>dans 58 d\u00e9partements, <strong>dont l&rsquo;Ard\u00e8che !<\/strong><\/p>\n\n\n\n<p>Les s\u00e9nateurs ne sont pas directement \u00e9lus par les \u00e9lecteurs fran\u00e7ais, contrairement aux d\u00e9put\u00e9s \u00e0 l\u2019Assembl\u00e9e nationale \u00e9lus lors des l\u00e9gislatives. Il s\u2019agit d\u2019un\u00a0<a href=\"https:\/\/droit-finances.commentcamarche.com\/faq\/72544-suffrage-universel-definition\">suffrage universel indirect<\/a> : ce sont les <strong>grands \u00e9lecteurs<\/strong> <strong>qui \u00e9lisent les s\u00e9nateurs<\/strong> ; les grands \u00e9lecteurs sont les \u00e9lus du d\u00e9partement, du  d\u00e9put\u00e9 au maire, ainsi que des d\u00e9l\u00e9gu\u00e9s des conseils municipaux. Pour les conseils municipaux de 19 membres, comme \u00e0 Largenti\u00e8re, ont \u00e9t\u00e9 \u00e9lu\u00b7e\u00b7s 5 d\u00e9l\u00e9gu\u00e9\u00b7e\u00b7s et 3 suppl\u00e9ant\u00b7e\u00b7s, \u00e0 bulletin secret. La d\u00e9signation des d\u00e9l\u00e9gu\u00e9\u00b7e\u00b7s a lieu \u00e0 la repr\u00e9sentation proportionnelle.<\/p>\n\n\n\n<ul class=\"wp-block-list\"><li><strong>Vos Grands Electeurs pour la commune de Largenti\u00e8re<\/strong> sont :<\/li><\/ul>\n\n\n\n<pre class=\"wp-block-verse\">Thierry Toulouse, Agn\u00e8s Maigron, Andr\u00e9 Paul, Monique Fray : titulaires de la liste majoritaire et Arlette Ouzebiha, Herman Rose, Jean-Roger Durand : suppl\u00e9ant de la liste majoritaire.\n<strong>Claudine Fournet<\/strong> : titulaire de la liste minoritaire<\/pre>\n\n\n\n<ul class=\"wp-block-list\"><li><strong>Les candidats pour le d\u00e9partement de l&rsquo;Ard\u00e8che, 2 s\u00e9nateurs \u00e0 \u00e9lire le 27 septembre <\/strong><\/li><\/ul>\n\n\n\n<pre class=\"wp-block-verse\">Florence CERBA\u00cf - Christian MOYERSOEN (VEC) Europe Ecologie - les Verts\nC\u00e9line PORQUET - Cyrille GRANGIER (RN) Rassemblement national\nMaryse RABIER - St\u00e9phane LAFAGE (DVG) Divers gauche\nMaurice WEISS - Laurence ALLEFRESDE (DVG) Divers gauche\nAnne VENTALON - Olivier AMRANE (DVD) Divers droite\nMathieu DARNAUD - Sandrine GENEST (LR) Les r\u00e9publicains\nClaire TOMADA - Gilbert BOUVIER (COM) Parti communiste\nRoger KAPPEL - Sophie FLORENSON (MDM) Modem\nAlexandra CAUQUIL - Thierry LHUILLIER (MDM) Modem<\/pre>\n\n\n\n<ul class=\"wp-block-list\"><li><strong>Une petite vid\u00e9o qui explique le r\u00f4le du s\u00e9nat<\/strong><\/li><\/ul>\n\n\n\n<figure class=\"wp-block-embed-dailymotion wp-block-embed is-type-video is-provider-dailymotion wp-embed-aspect-16-9 wp-has-aspect-ratio\"><div class=\"wp-block-embed__wrapper\">\n<iframe loading=\"lazy\" title=\"[Conna\u00eetre le S\u00e9nat] Le r\u00f4le et le fonctionnement du S\u00e9nat en vid\u00e9o\" frameborder=\"0\" width=\"640\" height=\"359\" src=\"https:\/\/geo.dailymotion.com\/player.html?video=x376wpz&#038;\" allowfullscreen allow=\"autoplay; fullscreen; picture-in-picture; web-share\"><\/iframe>\n<\/div><\/figure>\n","protected":false},"excerpt":{"rendered":"<p>\u00c9lections s\u00e9natoriales : pourquoi s&rsquo;int\u00e9resser \u00e0 ses \u00e9lections ? Le S\u00e9nat et l&rsquo;Assembl\u00e9e Nationale composent le Parlement Fran\u00e7ais Le S\u00e9nat est renouvel\u00e9 par moiti\u00e9 tous les 3 ans. La s\u00e9rie 1 a eu lieu en septembre 2017 et a permis d&rsquo;\u00e9lire 170 s\u00e9nateurs sur 348. Les \u00e9lections s\u00e9natoriales du 27 septembre 2020 permettront d\u2019\u00e9lire les &hellip; <\/p>\n<p class=\"link-more\"><a href=\"https:\/\/demainlargentiere.fr\/index.php\/2020\/09\/24\/le-27-septembre-le-senat-se-renouvelle-pour-moitie\/\" class=\"more-link\">Continuer la lecture <span class=\"screen-reader-text\"> \u00ab\u00a0Le 27 septembre : le S\u00e9nat se renouvelle pour moiti\u00e9 !\u00a0\u00bb<\/span><\/a><\/p>\n","protected":false},"author":2,"featured_media":0,"comment_status":"closed","ping_status":"closed","sticky":false,"template":"","format":"standard","meta":{"ngg_post_thumbnail":0,"footnotes":""},"categories":[10,11,5],"tags":[],"class_list":["post-2675","post","type-post","status-publish","format-standard","hentry","category-actualites","category-actualites-2020","category-rencontres","entry"],"yoast_head":"<!-- This site is optimized with the Yoast SEO plugin v27.4 - https:\/\/yoast.com\/product\/yoast-seo-wordpress\/ -->\n<title>Le 27 septembre : le S\u00e9nat se renouvelle pour moiti\u00e9 ! - Demain LARGENTIERE !<\/title>\n<meta name=\"description\" content=\"Liste \u00e9lections municipales Largenti\u00e8re\" \/>\n<meta name=\"robots\" content=\"index, follow, max-snippet:-1, max-image-preview:large, max-video-preview:-1\" \/>\n<link rel=\"canonical\" href=\"https:\/\/demainlargentiere.fr\/index.php\/2020\/09\/24\/le-27-septembre-le-senat-se-renouvelle-pour-moitie\/\" \/>\n<meta property=\"og:locale\" content=\"fr_FR\" \/>\n<meta property=\"og:type\" content=\"article\" \/>\n<meta property=\"og:title\" content=\"Le 27 septembre : le S\u00e9nat se renouvelle pour moiti\u00e9 ! - Demain LARGENTIERE !\" \/>\n<meta property=\"og:description\" content=\"Liste \u00e9lections municipales Largenti\u00e8re\" \/>\n<meta property=\"og:url\" content=\"https:\/\/demainlargentiere.fr\/index.php\/2020\/09\/24\/le-27-septembre-le-senat-se-renouvelle-pour-moitie\/\" \/>\n<meta property=\"og:site_name\" content=\"Demain LARGENTIERE !\" \/>\n<meta property=\"article:publisher\" content=\"https:\/\/www.facebook.com\/DemainLargentiere\/\" \/>\n<meta property=\"article:published_time\" content=\"2020-09-24T09:54:34+00:00\" \/>\n<meta property=\"article:modified_time\" content=\"2022-11-04T11:24:30+00:00\" \/>\n<meta name=\"author\" content=\"Mil\u00e8ne Villard\" \/>\n<meta name=\"twitter:card\" content=\"summary_large_image\" \/>\n<meta name=\"twitter:label1\" content=\"\u00c9crit par\" \/>\n\t<meta name=\"twitter:data1\" content=\"Mil\u00e8ne Villard\" \/>\n\t<meta name=\"twitter:label2\" content=\"Dur\u00e9e de lecture estim\u00e9e\" \/>\n\t<meta name=\"twitter:data2\" content=\"2 minutes\" \/>\n<script type=\"application\/ld+json\" class=\"yoast-schema-graph\">{\"@context\":\"https:\\\/\\\/schema.org\",\"@graph\":[{\"@type\":\"Article\",\"@id\":\"https:\\\/\\\/demainlargentiere.fr\\\/index.php\\\/2020\\\/09\\\/24\\\/le-27-septembre-le-senat-se-renouvelle-pour-moitie\\\/#article\",\"isPartOf\":{\"@id\":\"https:\\\/\\\/demainlargentiere.fr\\\/index.php\\\/2020\\\/09\\\/24\\\/le-27-septembre-le-senat-se-renouvelle-pour-moitie\\\/\"},\"author\":{\"name\":\"Mil\u00e8ne Villard\",\"@id\":\"http:\\\/\\\/demainlargentiere.fr\\\/#\\\/schema\\\/person\\\/c0643add764aca056c52198b2479bf5a\"},\"headline\":\"Le 27 septembre : le S\u00e9nat se renouvelle pour moiti\u00e9 !\",\"datePublished\":\"2020-09-24T09:54:34+00:00\",\"dateModified\":\"2022-11-04T11:24:30+00:00\",\"mainEntityOfPage\":{\"@id\":\"https:\\\/\\\/demainlargentiere.fr\\\/index.php\\\/2020\\\/09\\\/24\\\/le-27-septembre-le-senat-se-renouvelle-pour-moitie\\\/\"},\"wordCount\":230,\"publisher\":{\"@id\":\"http:\\\/\\\/demainlargentiere.fr\\\/#organization\"},\"articleSection\":[\"Actualit\u00e9s\",\"Actualit\u00e9s-2020\",\"Rencontres\"],\"inLanguage\":\"fr-FR\"},{\"@type\":\"WebPage\",\"@id\":\"https:\\\/\\\/demainlargentiere.fr\\\/index.php\\\/2020\\\/09\\\/24\\\/le-27-septembre-le-senat-se-renouvelle-pour-moitie\\\/\",\"url\":\"https:\\\/\\\/demainlargentiere.fr\\\/index.php\\\/2020\\\/09\\\/24\\\/le-27-septembre-le-senat-se-renouvelle-pour-moitie\\\/\",\"name\":\"Le 27 septembre : le S\u00e9nat se renouvelle pour moiti\u00e9 ! - Demain LARGENTIERE !\",\"isPartOf\":{\"@id\":\"http:\\\/\\\/demainlargentiere.fr\\\/#website\"},\"datePublished\":\"2020-09-24T09:54:34+00:00\",\"dateModified\":\"2022-11-04T11:24:30+00:00\",\"description\":\"Liste \u00e9lections municipales Largenti\u00e8re\",\"breadcrumb\":{\"@id\":\"https:\\\/\\\/demainlargentiere.fr\\\/index.php\\\/2020\\\/09\\\/24\\\/le-27-septembre-le-senat-se-renouvelle-pour-moitie\\\/#breadcrumb\"},\"inLanguage\":\"fr-FR\",\"potentialAction\":[{\"@type\":\"ReadAction\",\"target\":[\"https:\\\/\\\/demainlargentiere.fr\\\/index.php\\\/2020\\\/09\\\/24\\\/le-27-septembre-le-senat-se-renouvelle-pour-moitie\\\/\"]}]},{\"@type\":\"BreadcrumbList\",\"@id\":\"https:\\\/\\\/demainlargentiere.fr\\\/index.php\\\/2020\\\/09\\\/24\\\/le-27-septembre-le-senat-se-renouvelle-pour-moitie\\\/#breadcrumb\",\"itemListElement\":[{\"@type\":\"ListItem\",\"position\":1,\"name\":\"Accueil\",\"item\":\"https:\\\/\\\/demainlargentiere.fr\\\/\"},{\"@type\":\"ListItem\",\"position\":2,\"name\":\"Le 27 septembre : le S\u00e9nat se renouvelle pour moiti\u00e9 !\"}]},{\"@type\":\"WebSite\",\"@id\":\"http:\\\/\\\/demainlargentiere.fr\\\/#website\",\"url\":\"http:\\\/\\\/demainlargentiere.fr\\\/\",\"name\":\"Demain LARGENTIERE !\",\"description\":\"Ensemble, cr\u00e9ons demain.\",\"publisher\":{\"@id\":\"http:\\\/\\\/demainlargentiere.fr\\\/#organization\"},\"potentialAction\":[{\"@type\":\"SearchAction\",\"target\":{\"@type\":\"EntryPoint\",\"urlTemplate\":\"http:\\\/\\\/demainlargentiere.fr\\\/?s={search_term_string}\"},\"query-input\":{\"@type\":\"PropertyValueSpecification\",\"valueRequired\":true,\"valueName\":\"search_term_string\"}}],\"inLanguage\":\"fr-FR\"},{\"@type\":\"Organization\",\"@id\":\"http:\\\/\\\/demainlargentiere.fr\\\/#organization\",\"name\":\"DemainLargentiere\",\"url\":\"http:\\\/\\\/demainlargentiere.fr\\\/\",\"logo\":{\"@type\":\"ImageObject\",\"inLanguage\":\"fr-FR\",\"@id\":\"http:\\\/\\\/demainlargentiere.fr\\\/#\\\/schema\\\/logo\\\/image\\\/\",\"url\":\"http:\\\/\\\/demainlargentiere.fr\\\/wp-content\\\/uploads\\\/2020\\\/02\\\/logo-250x250-1.png\",\"contentUrl\":\"http:\\\/\\\/demainlargentiere.fr\\\/wp-content\\\/uploads\\\/2020\\\/02\\\/logo-250x250-1.png\",\"width\":250,\"height\":250,\"caption\":\"DemainLargentiere\"},\"image\":{\"@id\":\"http:\\\/\\\/demainlargentiere.fr\\\/#\\\/schema\\\/logo\\\/image\\\/\"},\"sameAs\":[\"https:\\\/\\\/www.facebook.com\\\/DemainLargentiere\\\/\"]},{\"@type\":\"Person\",\"@id\":\"http:\\\/\\\/demainlargentiere.fr\\\/#\\\/schema\\\/person\\\/c0643add764aca056c52198b2479bf5a\",\"name\":\"Mil\u00e8ne Villard\",\"image\":{\"@type\":\"ImageObject\",\"inLanguage\":\"fr-FR\",\"@id\":\"https:\\\/\\\/secure.gravatar.com\\\/avatar\\\/f8af4276ba1c6e5e2d140cf3087b1bdd97fab3d8879b3b10f2f0829e7f7b2b12?s=96&d=mm&r=g\",\"url\":\"https:\\\/\\\/secure.gravatar.com\\\/avatar\\\/f8af4276ba1c6e5e2d140cf3087b1bdd97fab3d8879b3b10f2f0829e7f7b2b12?s=96&d=mm&r=g\",\"contentUrl\":\"https:\\\/\\\/secure.gravatar.com\\\/avatar\\\/f8af4276ba1c6e5e2d140cf3087b1bdd97fab3d8879b3b10f2f0829e7f7b2b12?s=96&d=mm&r=g\",\"caption\":\"Mil\u00e8ne Villard\"},\"url\":\"https:\\\/\\\/demainlargentiere.fr\\\/index.php\\\/author\\\/milene\\\/\"}]}<\/script>\n<!-- \/ Yoast SEO plugin. -->","yoast_head_json":{"title":"Le 27 septembre : le S\u00e9nat se renouvelle pour moiti\u00e9 ! - Demain LARGENTIERE !","description":"Liste \u00e9lections municipales Largenti\u00e8re","robots":{"index":"index","follow":"follow","max-snippet":"max-snippet:-1","max-image-preview":"max-image-preview:large","max-video-preview":"max-video-preview:-1"},"canonical":"https:\/\/demainlargentiere.fr\/index.php\/2020\/09\/24\/le-27-septembre-le-senat-se-renouvelle-pour-moitie\/","og_locale":"fr_FR","og_type":"article","og_title":"Le 27 septembre : le S\u00e9nat se renouvelle pour moiti\u00e9 ! - Demain LARGENTIERE !","og_description":"Liste \u00e9lections municipales Largenti\u00e8re","og_url":"https:\/\/demainlargentiere.fr\/index.php\/2020\/09\/24\/le-27-septembre-le-senat-se-renouvelle-pour-moitie\/","og_site_name":"Demain LARGENTIERE !","article_publisher":"https:\/\/www.facebook.com\/DemainLargentiere\/","article_published_time":"2020-09-24T09:54:34+00:00","article_modified_time":"2022-11-04T11:24:30+00:00","author":"Mil\u00e8ne Villard","twitter_card":"summary_large_image","twitter_misc":{"\u00c9crit par":"Mil\u00e8ne Villard","Dur\u00e9e de lecture estim\u00e9e":"2 minutes"},"schema":{"@context":"https:\/\/schema.org","@graph":[{"@type":"Article","@id":"https:\/\/demainlargentiere.fr\/index.php\/2020\/09\/24\/le-27-septembre-le-senat-se-renouvelle-pour-moitie\/#article","isPartOf":{"@id":"https:\/\/demainlargentiere.fr\/index.php\/2020\/09\/24\/le-27-septembre-le-senat-se-renouvelle-pour-moitie\/"},"author":{"name":"Mil\u00e8ne Villard","@id":"http:\/\/demainlargentiere.fr\/#\/schema\/person\/c0643add764aca056c52198b2479bf5a"},"headline":"Le 27 septembre : le S\u00e9nat se renouvelle pour moiti\u00e9 !","datePublished":"2020-09-24T09:54:34+00:00","dateModified":"2022-11-04T11:24:30+00:00","mainEntityOfPage":{"@id":"https:\/\/demainlargentiere.fr\/index.php\/2020\/09\/24\/le-27-septembre-le-senat-se-renouvelle-pour-moitie\/"},"wordCount":230,"publisher":{"@id":"http:\/\/demainlargentiere.fr\/#organization"},"articleSection":["Actualit\u00e9s","Actualit\u00e9s-2020","Rencontres"],"inLanguage":"fr-FR"},{"@type":"WebPage","@id":"https:\/\/demainlargentiere.fr\/index.php\/2020\/09\/24\/le-27-septembre-le-senat-se-renouvelle-pour-moitie\/","url":"https:\/\/demainlargentiere.fr\/index.php\/2020\/09\/24\/le-27-septembre-le-senat-se-renouvelle-pour-moitie\/","name":"Le 27 septembre : le S\u00e9nat se renouvelle pour moiti\u00e9 ! - Demain LARGENTIERE !","isPartOf":{"@id":"http:\/\/demainlargentiere.fr\/#website"},"datePublished":"2020-09-24T09:54:34+00:00","dateModified":"2022-11-04T11:24:30+00:00","description":"Liste \u00e9lections municipales Largenti\u00e8re","breadcrumb":{"@id":"https:\/\/demainlargentiere.fr\/index.php\/2020\/09\/24\/le-27-septembre-le-senat-se-renouvelle-pour-moitie\/#breadcrumb"},"inLanguage":"fr-FR","potentialAction":[{"@type":"ReadAction","target":["https:\/\/demainlargentiere.fr\/index.php\/2020\/09\/24\/le-27-septembre-le-senat-se-renouvelle-pour-moitie\/"]}]},{"@type":"BreadcrumbList","@id":"https:\/\/demainlargentiere.fr\/index.php\/2020\/09\/24\/le-27-septembre-le-senat-se-renouvelle-pour-moitie\/#breadcrumb","itemListElement":[{"@type":"ListItem","position":1,"name":"Accueil","item":"https:\/\/demainlargentiere.fr\/"},{"@type":"ListItem","position":2,"name":"Le 27 septembre : le S\u00e9nat se renouvelle pour moiti\u00e9 !"}]},{"@type":"WebSite","@id":"http:\/\/demainlargentiere.fr\/#website","url":"http:\/\/demainlargentiere.fr\/","name":"Demain LARGENTIERE !","description":"Ensemble, cr\u00e9ons demain.","publisher":{"@id":"http:\/\/demainlargentiere.fr\/#organization"},"potentialAction":[{"@type":"SearchAction","target":{"@type":"EntryPoint","urlTemplate":"http:\/\/demainlargentiere.fr\/?s={search_term_string}"},"query-input":{"@type":"PropertyValueSpecification","valueRequired":true,"valueName":"search_term_string"}}],"inLanguage":"fr-FR"},{"@type":"Organization","@id":"http:\/\/demainlargentiere.fr\/#organization","name":"DemainLargentiere","url":"http:\/\/demainlargentiere.fr\/","logo":{"@type":"ImageObject","inLanguage":"fr-FR","@id":"http:\/\/demainlargentiere.fr\/#\/schema\/logo\/image\/","url":"http:\/\/demainlargentiere.fr\/wp-content\/uploads\/2020\/02\/logo-250x250-1.png","contentUrl":"http:\/\/demainlargentiere.fr\/wp-content\/uploads\/2020\/02\/logo-250x250-1.png","width":250,"height":250,"caption":"DemainLargentiere"},"image":{"@id":"http:\/\/demainlargentiere.fr\/#\/schema\/logo\/image\/"},"sameAs":["https:\/\/www.facebook.com\/DemainLargentiere\/"]},{"@type":"Person","@id":"http:\/\/demainlargentiere.fr\/#\/schema\/person\/c0643add764aca056c52198b2479bf5a","name":"Mil\u00e8ne Villard","image":{"@type":"ImageObject","inLanguage":"fr-FR","@id":"https:\/\/secure.gravatar.com\/avatar\/f8af4276ba1c6e5e2d140cf3087b1bdd97fab3d8879b3b10f2f0829e7f7b2b12?s=96&d=mm&r=g","url":"https:\/\/secure.gravatar.com\/avatar\/f8af4276ba1c6e5e2d140cf3087b1bdd97fab3d8879b3b10f2f0829e7f7b2b12?s=96&d=mm&r=g","contentUrl":"https:\/\/secure.gravatar.com\/avatar\/f8af4276ba1c6e5e2d140cf3087b1bdd97fab3d8879b3b10f2f0829e7f7b2b12?s=96&d=mm&r=g","caption":"Mil\u00e8ne Villard"},"url":"https:\/\/demainlargentiere.fr\/index.php\/author\/milene\/"}]}},"_links":{"self":[{"href":"https:\/\/demainlargentiere.fr\/index.php\/wp-json\/wp\/v2\/posts\/2675","targetHints":{"allow":["GET"]}}],"collection":[{"href":"https:\/\/demainlargentiere.fr\/index.php\/wp-json\/wp\/v2\/posts"}],"about":[{"href":"https:\/\/demainlargentiere.fr\/index.php\/wp-json\/wp\/v2\/types\/post"}],"author":[{"embeddable":true,"href":"https:\/\/demainlargentiere.fr\/index.php\/wp-json\/wp\/v2\/users\/2"}],"replies":[{"embeddable":true,"href":"https:\/\/demainlargentiere.fr\/index.php\/wp-json\/wp\/v2\/comments?post=2675"}],"version-history":[{"count":6,"href":"https:\/\/demainlargentiere.fr\/index.php\/wp-json\/wp\/v2\/posts\/2675\/revisions"}],"predecessor-version":[{"id":2685,"href":"https:\/\/demainlargentiere.fr\/index.php\/wp-json\/wp\/v2\/posts\/2675\/revisions\/2685"}],"wp:attachment":[{"href":"https:\/\/demainlargentiere.fr\/index.php\/wp-json\/wp\/v2\/media?parent=2675"}],"wp:term":[{"taxonomy":"category","embeddable":true,"href":"https:\/\/demainlargentiere.fr\/index.php\/wp-json\/wp\/v2\/categories?post=2675"},{"taxonomy":"post_tag","embeddable":true,"href":"https:\/\/demainlargentiere.fr\/index.php\/wp-json\/wp\/v2\/tags?post=2675"}],"curies":[{"name":"wp","href":"https:\/\/api.w.org\/{rel}","templated":true}]}}