{"id":4149,"date":"2022-11-21T21:21:41","date_gmt":"2022-11-21T20:21:41","guid":{"rendered":"http:\/\/demainlargentiere.fr\/?p=4149"},"modified":"2023-01-01T22:52:54","modified_gmt":"2023-01-01T21:52:54","slug":"reservez-la-date-ago-demain-largentiere","status":"publish","type":"post","link":"https:\/\/demainlargentiere.fr\/index.php\/2022\/11\/21\/reservez-la-date-ago-demain-largentiere\/","title":{"rendered":"Assembl\u00e9e G\u00e9n\u00e9rale et conviviale de Demain Largenti\u00e8re"},"content":{"rendered":"\n<p>Dimanche 8 janvier 2023, de 11h \u00e0 16h se tiendra notre assembl\u00e9e g\u00e9n\u00e9rale ordinaire et conviviale \u00e0 la salle Sarrazine de Largenti\u00e8re.<\/p>\n\n\n\n<p><strong>11h Temps Asso<\/strong><br>Jeu d&rsquo;interconnaissance&nbsp;\/ Bilans \/ Renouvellement de la coll\u00e9giale<\/p>\n\n\n\n<p><strong>12h Temps convivial&nbsp;<\/strong><br>Soupe et Mix vinyles &#8211; Apportez vos accompagnements !<\/p>\n\n\n\n<p><strong>14h Temps d&rsquo;\u00e9change<\/strong><\/p>\n\n\n\n<p>Tables citoyennes&nbsp;: quiz, questionnaire, les chantiers, les souhaits et actions \u00e0 mener, tombola, etc. tout pour passer un moment convivial et ludique, tout en abordant des \u00e9l\u00e9ments essentiels de la vie de notre association.<\/p>\n\n\n\n<p>Vous ne pouvez pas \u00eatre pr\u00e9sent mais souhaitez adh\u00e9rer \u00e0 l&rsquo;association ?&nbsp;Nouveau : <a href=\"http:\/\/demainlargentiere.fr\/index.php\/adherer-a-demain-largentiere\/\"><strong>Adh\u00e9rer en ligne<\/strong><\/a><\/p>\n\n\n\n<figure class=\"wp-block-image size-large\"><img loading=\"lazy\" decoding=\"async\" width=\"757\" height=\"1024\" src=\"http:\/\/demainlargentiere.fr\/wp-content\/uploads\/2022\/11\/IMG-4673-1-757x1024.jpg\" alt=\"\" class=\"wp-image-4151\" srcset=\"https:\/\/demainlargentiere.fr\/wp-content\/uploads\/2022\/11\/IMG-4673-1-757x1024.jpg 757w, https:\/\/demainlargentiere.fr\/wp-content\/uploads\/2022\/11\/IMG-4673-1-222x300.jpg 222w, https:\/\/demainlargentiere.fr\/wp-content\/uploads\/2022\/11\/IMG-4673-1-768x1039.jpg 768w, https:\/\/demainlargentiere.fr\/wp-content\/uploads\/2022\/11\/IMG-4673-1-1135x1536.jpg 1135w, https:\/\/demainlargentiere.fr\/wp-content\/uploads\/2022\/11\/IMG-4673-1-1513x2048.jpg 1513w, https:\/\/demainlargentiere.fr\/wp-content\/uploads\/2022\/11\/IMG-4673-1-1568x2122.jpg 1568w, https:\/\/demainlargentiere.fr\/wp-content\/uploads\/2022\/11\/IMG-4673-1-scaled.jpg 1891w\" sizes=\"auto, (max-width: 757px) 100vw, 757px\" \/><figcaption class=\"wp-element-caption\">Dessin MV<\/figcaption><\/figure>\n","protected":false},"excerpt":{"rendered":"<p>Dimanche 8 janvier 2023, de 11h \u00e0 16h se tiendra notre assembl\u00e9e g\u00e9n\u00e9rale ordinaire et conviviale \u00e0 la salle Sarrazine de Largenti\u00e8re. 11h Temps AssoJeu d&rsquo;interconnaissance&nbsp;\/ Bilans \/ Renouvellement de la coll\u00e9giale 12h Temps convivial&nbsp;Soupe et Mix vinyles &#8211; Apportez vos accompagnements ! 14h Temps d&rsquo;\u00e9change Tables citoyennes&nbsp;: quiz, questionnaire, les chantiers, les souhaits et &hellip; <\/p>\n<p class=\"link-more\"><a href=\"https:\/\/demainlargentiere.fr\/index.php\/2022\/11\/21\/reservez-la-date-ago-demain-largentiere\/\" class=\"more-link\">Continuer la lecture <span class=\"screen-reader-text\"> \u00ab\u00a0Assembl\u00e9e G\u00e9n\u00e9rale et conviviale de Demain Largenti\u00e8re\u00a0\u00bb<\/span><\/a><\/p>\n","protected":false},"author":2,"featured_media":0,"comment_status":"closed","ping_status":"closed","sticky":false,"template":"","format":"standard","meta":{"ngg_post_thumbnail":0,"footnotes":""},"categories":[5],"tags":[],"class_list":["post-4149","post","type-post","status-publish","format-standard","hentry","category-rencontres","entry"],"yoast_head":"<!-- This site is optimized with the Yoast SEO plugin v27.5 - https:\/\/yoast.com\/product\/yoast-seo-wordpress\/ -->\n<title>Assembl\u00e9e G\u00e9n\u00e9rale et conviviale de Demain Largenti\u00e8re - Demain LARGENTIERE !<\/title>\n<meta name=\"description\" content=\"Liste \u00e9lections municipales Largenti\u00e8re\" \/>\n<meta name=\"robots\" content=\"index, follow, max-snippet:-1, max-image-preview:large, max-video-preview:-1\" \/>\n<link rel=\"canonical\" href=\"https:\/\/demainlargentiere.fr\/index.php\/2022\/11\/21\/reservez-la-date-ago-demain-largentiere\/\" \/>\n<meta property=\"og:locale\" content=\"fr_FR\" \/>\n<meta property=\"og:type\" content=\"article\" \/>\n<meta property=\"og:title\" content=\"Assembl\u00e9e G\u00e9n\u00e9rale et conviviale de Demain Largenti\u00e8re - Demain LARGENTIERE !\" \/>\n<meta property=\"og:description\" content=\"Liste \u00e9lections municipales Largenti\u00e8re\" \/>\n<meta property=\"og:url\" content=\"https:\/\/demainlargentiere.fr\/index.php\/2022\/11\/21\/reservez-la-date-ago-demain-largentiere\/\" \/>\n<meta property=\"og:site_name\" content=\"Demain LARGENTIERE !\" \/>\n<meta property=\"article:publisher\" content=\"https:\/\/www.facebook.com\/DemainLargentiere\/\" \/>\n<meta property=\"article:published_time\" content=\"2022-11-21T20:21:41+00:00\" \/>\n<meta property=\"article:modified_time\" content=\"2023-01-01T21:52:54+00:00\" \/>\n<meta property=\"og:image\" content=\"http:\/\/demainlargentiere.fr\/wp-content\/uploads\/2022\/11\/IMG-4673-1-757x1024.jpg\" \/>\n<meta name=\"author\" content=\"Mil\u00e8ne Villard\" \/>\n<meta name=\"twitter:card\" content=\"summary_large_image\" \/>\n<meta name=\"twitter:label1\" content=\"\u00c9crit par\" \/>\n\t<meta name=\"twitter:data1\" content=\"Mil\u00e8ne Villard\" \/>\n\t<meta name=\"twitter:label2\" content=\"Dur\u00e9e de lecture estim\u00e9e\" \/>\n\t<meta name=\"twitter:data2\" content=\"1 minute\" \/>\n<script type=\"application\/ld+json\" class=\"yoast-schema-graph\">{\"@context\":\"https:\\\/\\\/schema.org\",\"@graph\":[{\"@type\":\"Article\",\"@id\":\"https:\\\/\\\/demainlargentiere.fr\\\/index.php\\\/2022\\\/11\\\/21\\\/reservez-la-date-ago-demain-largentiere\\\/#article\",\"isPartOf\":{\"@id\":\"https:\\\/\\\/demainlargentiere.fr\\\/index.php\\\/2022\\\/11\\\/21\\\/reservez-la-date-ago-demain-largentiere\\\/\"},\"author\":{\"name\":\"Mil\u00e8ne Villard\",\"@id\":\"http:\\\/\\\/demainlargentiere.fr\\\/#\\\/schema\\\/person\\\/c0643add764aca056c52198b2479bf5a\"},\"headline\":\"Assembl\u00e9e G\u00e9n\u00e9rale et conviviale de Demain Largenti\u00e8re\",\"datePublished\":\"2022-11-21T20:21:41+00:00\",\"dateModified\":\"2023-01-01T21:52:54+00:00\",\"mainEntityOfPage\":{\"@id\":\"https:\\\/\\\/demainlargentiere.fr\\\/index.php\\\/2022\\\/11\\\/21\\\/reservez-la-date-ago-demain-largentiere\\\/\"},\"wordCount\":116,\"publisher\":{\"@id\":\"http:\\\/\\\/demainlargentiere.fr\\\/#organization\"},\"image\":{\"@id\":\"https:\\\/\\\/demainlargentiere.fr\\\/index.php\\\/2022\\\/11\\\/21\\\/reservez-la-date-ago-demain-largentiere\\\/#primaryimage\"},\"thumbnailUrl\":\"http:\\\/\\\/demainlargentiere.fr\\\/wp-content\\\/uploads\\\/2022\\\/11\\\/IMG-4673-1-757x1024.jpg\",\"articleSection\":[\"Rencontres\"],\"inLanguage\":\"fr-FR\"},{\"@type\":\"WebPage\",\"@id\":\"https:\\\/\\\/demainlargentiere.fr\\\/index.php\\\/2022\\\/11\\\/21\\\/reservez-la-date-ago-demain-largentiere\\\/\",\"url\":\"https:\\\/\\\/demainlargentiere.fr\\\/index.php\\\/2022\\\/11\\\/21\\\/reservez-la-date-ago-demain-largentiere\\\/\",\"name\":\"Assembl\u00e9e G\u00e9n\u00e9rale et conviviale de Demain Largenti\u00e8re - Demain LARGENTIERE !\",\"isPartOf\":{\"@id\":\"http:\\\/\\\/demainlargentiere.fr\\\/#website\"},\"primaryImageOfPage\":{\"@id\":\"https:\\\/\\\/demainlargentiere.fr\\\/index.php\\\/2022\\\/11\\\/21\\\/reservez-la-date-ago-demain-largentiere\\\/#primaryimage\"},\"image\":{\"@id\":\"https:\\\/\\\/demainlargentiere.fr\\\/index.php\\\/2022\\\/11\\\/21\\\/reservez-la-date-ago-demain-largentiere\\\/#primaryimage\"},\"thumbnailUrl\":\"http:\\\/\\\/demainlargentiere.fr\\\/wp-content\\\/uploads\\\/2022\\\/11\\\/IMG-4673-1-757x1024.jpg\",\"datePublished\":\"2022-11-21T20:21:41+00:00\",\"dateModified\":\"2023-01-01T21:52:54+00:00\",\"description\":\"Liste \u00e9lections municipales Largenti\u00e8re\",\"breadcrumb\":{\"@id\":\"https:\\\/\\\/demainlargentiere.fr\\\/index.php\\\/2022\\\/11\\\/21\\\/reservez-la-date-ago-demain-largentiere\\\/#breadcrumb\"},\"inLanguage\":\"fr-FR\",\"potentialAction\":[{\"@type\":\"ReadAction\",\"target\":[\"https:\\\/\\\/demainlargentiere.fr\\\/index.php\\\/2022\\\/11\\\/21\\\/reservez-la-date-ago-demain-largentiere\\\/\"]}]},{\"@type\":\"ImageObject\",\"inLanguage\":\"fr-FR\",\"@id\":\"https:\\\/\\\/demainlargentiere.fr\\\/index.php\\\/2022\\\/11\\\/21\\\/reservez-la-date-ago-demain-largentiere\\\/#primaryimage\",\"url\":\"http:\\\/\\\/demainlargentiere.fr\\\/wp-content\\\/uploads\\\/2022\\\/11\\\/IMG-4673-1-757x1024.jpg\",\"contentUrl\":\"http:\\\/\\\/demainlargentiere.fr\\\/wp-content\\\/uploads\\\/2022\\\/11\\\/IMG-4673-1-757x1024.jpg\"},{\"@type\":\"BreadcrumbList\",\"@id\":\"https:\\\/\\\/demainlargentiere.fr\\\/index.php\\\/2022\\\/11\\\/21\\\/reservez-la-date-ago-demain-largentiere\\\/#breadcrumb\",\"itemListElement\":[{\"@type\":\"ListItem\",\"position\":1,\"name\":\"Accueil\",\"item\":\"https:\\\/\\\/demainlargentiere.fr\\\/\"},{\"@type\":\"ListItem\",\"position\":2,\"name\":\"Assembl\u00e9e G\u00e9n\u00e9rale et conviviale de Demain Largenti\u00e8re\"}]},{\"@type\":\"WebSite\",\"@id\":\"http:\\\/\\\/demainlargentiere.fr\\\/#website\",\"url\":\"http:\\\/\\\/demainlargentiere.fr\\\/\",\"name\":\"Demain LARGENTIERE !\",\"description\":\"Ensemble, cr\u00e9ons demain.\",\"publisher\":{\"@id\":\"http:\\\/\\\/demainlargentiere.fr\\\/#organization\"},\"potentialAction\":[{\"@type\":\"SearchAction\",\"target\":{\"@type\":\"EntryPoint\",\"urlTemplate\":\"http:\\\/\\\/demainlargentiere.fr\\\/?s={search_term_string}\"},\"query-input\":{\"@type\":\"PropertyValueSpecification\",\"valueRequired\":true,\"valueName\":\"search_term_string\"}}],\"inLanguage\":\"fr-FR\"},{\"@type\":\"Organization\",\"@id\":\"http:\\\/\\\/demainlargentiere.fr\\\/#organization\",\"name\":\"DemainLargentiere\",\"url\":\"http:\\\/\\\/demainlargentiere.fr\\\/\",\"logo\":{\"@type\":\"ImageObject\",\"inLanguage\":\"fr-FR\",\"@id\":\"http:\\\/\\\/demainlargentiere.fr\\\/#\\\/schema\\\/logo\\\/image\\\/\",\"url\":\"http:\\\/\\\/demainlargentiere.fr\\\/wp-content\\\/uploads\\\/2020\\\/02\\\/logo-250x250-1.png\",\"contentUrl\":\"http:\\\/\\\/demainlargentiere.fr\\\/wp-content\\\/uploads\\\/2020\\\/02\\\/logo-250x250-1.png\",\"width\":250,\"height\":250,\"caption\":\"DemainLargentiere\"},\"image\":{\"@id\":\"http:\\\/\\\/demainlargentiere.fr\\\/#\\\/schema\\\/logo\\\/image\\\/\"},\"sameAs\":[\"https:\\\/\\\/www.facebook.com\\\/DemainLargentiere\\\/\"]},{\"@type\":\"Person\",\"@id\":\"http:\\\/\\\/demainlargentiere.fr\\\/#\\\/schema\\\/person\\\/c0643add764aca056c52198b2479bf5a\",\"name\":\"Mil\u00e8ne Villard\",\"image\":{\"@type\":\"ImageObject\",\"inLanguage\":\"fr-FR\",\"@id\":\"https:\\\/\\\/secure.gravatar.com\\\/avatar\\\/f8af4276ba1c6e5e2d140cf3087b1bdd97fab3d8879b3b10f2f0829e7f7b2b12?s=96&d=mm&r=g\",\"url\":\"https:\\\/\\\/secure.gravatar.com\\\/avatar\\\/f8af4276ba1c6e5e2d140cf3087b1bdd97fab3d8879b3b10f2f0829e7f7b2b12?s=96&d=mm&r=g\",\"contentUrl\":\"https:\\\/\\\/secure.gravatar.com\\\/avatar\\\/f8af4276ba1c6e5e2d140cf3087b1bdd97fab3d8879b3b10f2f0829e7f7b2b12?s=96&d=mm&r=g\",\"caption\":\"Mil\u00e8ne Villard\"},\"url\":\"https:\\\/\\\/demainlargentiere.fr\\\/index.php\\\/author\\\/milene\\\/\"}]}<\/script>\n<!-- \/ Yoast SEO plugin. -->","yoast_head_json":{"title":"Assembl\u00e9e G\u00e9n\u00e9rale et conviviale de Demain Largenti\u00e8re - Demain LARGENTIERE !","description":"Liste \u00e9lections municipales Largenti\u00e8re","robots":{"index":"index","follow":"follow","max-snippet":"max-snippet:-1","max-image-preview":"max-image-preview:large","max-video-preview":"max-video-preview:-1"},"canonical":"https:\/\/demainlargentiere.fr\/index.php\/2022\/11\/21\/reservez-la-date-ago-demain-largentiere\/","og_locale":"fr_FR","og_type":"article","og_title":"Assembl\u00e9e G\u00e9n\u00e9rale et conviviale de Demain Largenti\u00e8re - Demain LARGENTIERE !","og_description":"Liste \u00e9lections municipales Largenti\u00e8re","og_url":"https:\/\/demainlargentiere.fr\/index.php\/2022\/11\/21\/reservez-la-date-ago-demain-largentiere\/","og_site_name":"Demain LARGENTIERE !","article_publisher":"https:\/\/www.facebook.com\/DemainLargentiere\/","article_published_time":"2022-11-21T20:21:41+00:00","article_modified_time":"2023-01-01T21:52:54+00:00","og_image":[{"url":"http:\/\/demainlargentiere.fr\/wp-content\/uploads\/2022\/11\/IMG-4673-1-757x1024.jpg","type":"","width":"","height":""}],"author":"Mil\u00e8ne Villard","twitter_card":"summary_large_image","twitter_misc":{"\u00c9crit par":"Mil\u00e8ne Villard","Dur\u00e9e de lecture estim\u00e9e":"1 minute"},"schema":{"@context":"https:\/\/schema.org","@graph":[{"@type":"Article","@id":"https:\/\/demainlargentiere.fr\/index.php\/2022\/11\/21\/reservez-la-date-ago-demain-largentiere\/#article","isPartOf":{"@id":"https:\/\/demainlargentiere.fr\/index.php\/2022\/11\/21\/reservez-la-date-ago-demain-largentiere\/"},"author":{"name":"Mil\u00e8ne Villard","@id":"http:\/\/demainlargentiere.fr\/#\/schema\/person\/c0643add764aca056c52198b2479bf5a"},"headline":"Assembl\u00e9e G\u00e9n\u00e9rale et conviviale de Demain Largenti\u00e8re","datePublished":"2022-11-21T20:21:41+00:00","dateModified":"2023-01-01T21:52:54+00:00","mainEntityOfPage":{"@id":"https:\/\/demainlargentiere.fr\/index.php\/2022\/11\/21\/reservez-la-date-ago-demain-largentiere\/"},"wordCount":116,"publisher":{"@id":"http:\/\/demainlargentiere.fr\/#organization"},"image":{"@id":"https:\/\/demainlargentiere.fr\/index.php\/2022\/11\/21\/reservez-la-date-ago-demain-largentiere\/#primaryimage"},"thumbnailUrl":"http:\/\/demainlargentiere.fr\/wp-content\/uploads\/2022\/11\/IMG-4673-1-757x1024.jpg","articleSection":["Rencontres"],"inLanguage":"fr-FR"},{"@type":"WebPage","@id":"https:\/\/demainlargentiere.fr\/index.php\/2022\/11\/21\/reservez-la-date-ago-demain-largentiere\/","url":"https:\/\/demainlargentiere.fr\/index.php\/2022\/11\/21\/reservez-la-date-ago-demain-largentiere\/","name":"Assembl\u00e9e G\u00e9n\u00e9rale et conviviale de Demain Largenti\u00e8re - Demain LARGENTIERE !","isPartOf":{"@id":"http:\/\/demainlargentiere.fr\/#website"},"primaryImageOfPage":{"@id":"https:\/\/demainlargentiere.fr\/index.php\/2022\/11\/21\/reservez-la-date-ago-demain-largentiere\/#primaryimage"},"image":{"@id":"https:\/\/demainlargentiere.fr\/index.php\/2022\/11\/21\/reservez-la-date-ago-demain-largentiere\/#primaryimage"},"thumbnailUrl":"http:\/\/demainlargentiere.fr\/wp-content\/uploads\/2022\/11\/IMG-4673-1-757x1024.jpg","datePublished":"2022-11-21T20:21:41+00:00","dateModified":"2023-01-01T21:52:54+00:00","description":"Liste \u00e9lections municipales Largenti\u00e8re","breadcrumb":{"@id":"https:\/\/demainlargentiere.fr\/index.php\/2022\/11\/21\/reservez-la-date-ago-demain-largentiere\/#breadcrumb"},"inLanguage":"fr-FR","potentialAction":[{"@type":"ReadAction","target":["https:\/\/demainlargentiere.fr\/index.php\/2022\/11\/21\/reservez-la-date-ago-demain-largentiere\/"]}]},{"@type":"ImageObject","inLanguage":"fr-FR","@id":"https:\/\/demainlargentiere.fr\/index.php\/2022\/11\/21\/reservez-la-date-ago-demain-largentiere\/#primaryimage","url":"http:\/\/demainlargentiere.fr\/wp-content\/uploads\/2022\/11\/IMG-4673-1-757x1024.jpg","contentUrl":"http:\/\/demainlargentiere.fr\/wp-content\/uploads\/2022\/11\/IMG-4673-1-757x1024.jpg"},{"@type":"BreadcrumbList","@id":"https:\/\/demainlargentiere.fr\/index.php\/2022\/11\/21\/reservez-la-date-ago-demain-largentiere\/#breadcrumb","itemListElement":[{"@type":"ListItem","position":1,"name":"Accueil","item":"https:\/\/demainlargentiere.fr\/"},{"@type":"ListItem","position":2,"name":"Assembl\u00e9e G\u00e9n\u00e9rale et conviviale de Demain Largenti\u00e8re"}]},{"@type":"WebSite","@id":"http:\/\/demainlargentiere.fr\/#website","url":"http:\/\/demainlargentiere.fr\/","name":"Demain LARGENTIERE !","description":"Ensemble, cr\u00e9ons demain.","publisher":{"@id":"http:\/\/demainlargentiere.fr\/#organization"},"potentialAction":[{"@type":"SearchAction","target":{"@type":"EntryPoint","urlTemplate":"http:\/\/demainlargentiere.fr\/?s={search_term_string}"},"query-input":{"@type":"PropertyValueSpecification","valueRequired":true,"valueName":"search_term_string"}}],"inLanguage":"fr-FR"},{"@type":"Organization","@id":"http:\/\/demainlargentiere.fr\/#organization","name":"DemainLargentiere","url":"http:\/\/demainlargentiere.fr\/","logo":{"@type":"ImageObject","inLanguage":"fr-FR","@id":"http:\/\/demainlargentiere.fr\/#\/schema\/logo\/image\/","url":"http:\/\/demainlargentiere.fr\/wp-content\/uploads\/2020\/02\/logo-250x250-1.png","contentUrl":"http:\/\/demainlargentiere.fr\/wp-content\/uploads\/2020\/02\/logo-250x250-1.png","width":250,"height":250,"caption":"DemainLargentiere"},"image":{"@id":"http:\/\/demainlargentiere.fr\/#\/schema\/logo\/image\/"},"sameAs":["https:\/\/www.facebook.com\/DemainLargentiere\/"]},{"@type":"Person","@id":"http:\/\/demainlargentiere.fr\/#\/schema\/person\/c0643add764aca056c52198b2479bf5a","name":"Mil\u00e8ne Villard","image":{"@type":"ImageObject","inLanguage":"fr-FR","@id":"https:\/\/secure.gravatar.com\/avatar\/f8af4276ba1c6e5e2d140cf3087b1bdd97fab3d8879b3b10f2f0829e7f7b2b12?s=96&d=mm&r=g","url":"https:\/\/secure.gravatar.com\/avatar\/f8af4276ba1c6e5e2d140cf3087b1bdd97fab3d8879b3b10f2f0829e7f7b2b12?s=96&d=mm&r=g","contentUrl":"https:\/\/secure.gravatar.com\/avatar\/f8af4276ba1c6e5e2d140cf3087b1bdd97fab3d8879b3b10f2f0829e7f7b2b12?s=96&d=mm&r=g","caption":"Mil\u00e8ne Villard"},"url":"https:\/\/demainlargentiere.fr\/index.php\/author\/milene\/"}]}},"_links":{"self":[{"href":"https:\/\/demainlargentiere.fr\/index.php\/wp-json\/wp\/v2\/posts\/4149","targetHints":{"allow":["GET"]}}],"collection":[{"href":"https:\/\/demainlargentiere.fr\/index.php\/wp-json\/wp\/v2\/posts"}],"about":[{"href":"https:\/\/demainlargentiere.fr\/index.php\/wp-json\/wp\/v2\/types\/post"}],"author":[{"embeddable":true,"href":"https:\/\/demainlargentiere.fr\/index.php\/wp-json\/wp\/v2\/users\/2"}],"replies":[{"embeddable":true,"href":"https:\/\/demainlargentiere.fr\/index.php\/wp-json\/wp\/v2\/comments?post=4149"}],"version-history":[{"count":6,"href":"https:\/\/demainlargentiere.fr\/index.php\/wp-json\/wp\/v2\/posts\/4149\/revisions"}],"predecessor-version":[{"id":4228,"href":"https:\/\/demainlargentiere.fr\/index.php\/wp-json\/wp\/v2\/posts\/4149\/revisions\/4228"}],"wp:attachment":[{"href":"https:\/\/demainlargentiere.fr\/index.php\/wp-json\/wp\/v2\/media?parent=4149"}],"wp:term":[{"taxonomy":"category","embeddable":true,"href":"https:\/\/demainlargentiere.fr\/index.php\/wp-json\/wp\/v2\/categories?post=4149"},{"taxonomy":"post_tag","embeddable":true,"href":"https:\/\/demainlargentiere.fr\/index.php\/wp-json\/wp\/v2\/tags?post=4149"}],"curies":[{"name":"wp","href":"https:\/\/api.w.org\/{rel}","templated":true}]}}